{"id":24459,"date":"2025-04-22T11:36:12","date_gmt":"2025-04-22T09:36:12","guid":{"rendered":"https:\/\/www.cofgipuzkoa.eus\/alerta-complemento-alimenticio-yovis-kids\/"},"modified":"2025-04-22T11:36:47","modified_gmt":"2025-04-22T09:36:47","slug":"alerta-complemento-alimenticio-yovis-kids","status":"publish","type":"post","link":"https:\/\/www.cofgipuzkoa.eus\/eu\/alerta-complemento-alimenticio-yovis-kids\/","title":{"rendered":"ALERTA: COMPLEMENTO ALIMENTICIO YOVIS KIDS"},"content":{"rendered":"<p>La Agencia Espa\u00f1ola de Seguridad Alimentaria y Nutrici\u00f3n ha tenido conocimiento a trav\u00e9s del Sistema Coordinado de Intercambio R\u00e1pido de Informaci\u00f3n (SCIRI) de una notificaci\u00f3n de alerta trasladada por las autoridades sanitarias de Catalu\u00f1a al complemento alimenticio Yovis Kids, que puede producir reacciones adversas de diversa gravedad (erupciones cut\u00e1neas y, en algunos casos, angiedema (inflamaci\u00f3n temporal de piel y mucosas)).<\/p>\n<p><a href=\"https:\/\/www.aesan.gob.es\/AECOSAN\/web\/seguridad_alimentaria\/alertas_alimentarias\/2025_19.htm\" target=\"_blank\" rel=\"noopener\">Ver Alerta<\/a><\/p>\n","protected":false},"excerpt":{"rendered":"<p>La Agencia Espa\u00f1ola de Seguridad Alimentaria y Nutrici\u00f3n ha tenido conocimiento a trav\u00e9s del Sistema Coordinado de Intercambio R\u00e1pido de Informaci\u00f3n (SCIRI) de una notificaci\u00f3n de alerta trasladada por las autoridades sanitarias de Catalu\u00f1a al complemento alimenticio Yovis Kids, que puede producir reacciones adversas de diversa gravedad (erupciones cut\u00e1neas y, en algunos casos, angiedema (inflamaci\u00f3n temporal de piel y mucosas)). Ver Alerta<\/p>\n","protected":false},"author":1105,"featured_media":24456,"comment_status":"closed","ping_status":"closed","sticky":false,"template":"","format":"standard","meta":{"_acf_changed":false,"om_disable_all_campaigns":false,"footnotes":""},"categories":[164],"tags":[],"class_list":["post-24459","post","type-post","status-publish","format-standard","has-post-thumbnail","hentry","category-alertak"],"acf":[],"yoast_head":"<!-- This site is optimized with the Yoast SEO plugin v23.1 - https:\/\/yoast.com\/wordpress\/plugins\/seo\/ -->\n<title>ALERTA: COMPLEMENTO ALIMENTICIO YOVIS KIDS - Colegio Oficial de Farmac\u00e9uticos de Gipuzkoa - Gipuzkoako Farmazilarien Elkargo Ofiziala<\/title>\n<meta name=\"robots\" content=\"index, follow, max-snippet:-1, max-image-preview:large, max-video-preview:-1\" \/>\n<link rel=\"canonical\" href=\"https:\/\/www.cofgipuzkoa.eus\/eu\/alerta-complemento-alimenticio-yovis-kids\/\" \/>\n<meta property=\"og:locale\" content=\"eu_ES\" \/>\n<meta property=\"og:type\" content=\"article\" \/>\n<meta property=\"og:title\" content=\"ALERTA: COMPLEMENTO ALIMENTICIO YOVIS KIDS - Colegio Oficial de Farmac\u00e9uticos de Gipuzkoa - Gipuzkoako Farmazilarien Elkargo Ofiziala\" \/>\n<meta property=\"og:description\" content=\"La Agencia Espa\u00f1ola de Seguridad Alimentaria y Nutrici\u00f3n ha tenido conocimiento a trav\u00e9s del Sistema Coordinado de Intercambio R\u00e1pido de Informaci\u00f3n (SCIRI) de una notificaci\u00f3n de alerta trasladada por las autoridades sanitarias de Catalu\u00f1a al complemento alimenticio Yovis Kids, que puede producir reacciones adversas de diversa gravedad (erupciones cut\u00e1neas y, en algunos casos, angiedema (inflamaci\u00f3n temporal de piel y mucosas)). Ver Alerta\" \/>\n<meta property=\"og:url\" content=\"https:\/\/www.cofgipuzkoa.eus\/eu\/alerta-complemento-alimenticio-yovis-kids\/\" \/>\n<meta property=\"og:site_name\" content=\"Colegio Oficial de Farmac\u00e9uticos de Gipuzkoa - Gipuzkoako Farmazilarien Elkargo Ofiziala\" \/>\n<meta property=\"article:published_time\" content=\"2025-04-22T09:36:12+00:00\" \/>\n<meta property=\"article:modified_time\" content=\"2025-04-22T09:36:47+00:00\" \/>\n<meta property=\"og:image\" content=\"https:\/\/www.cofgipuzkoa.eus\/wp-content\/uploads\/2025\/04\/yovis-kids-2.jpg\" \/>\n\t<meta property=\"og:image:width\" content=\"620\" \/>\n\t<meta property=\"og:image:height\" content=\"350\" \/>\n\t<meta property=\"og:image:type\" content=\"image\/jpeg\" \/>\n<meta name=\"author\" content=\"ARITZ RIVERO ASTIZ\" \/>\n<meta name=\"twitter:card\" content=\"summary_large_image\" \/>\n<meta name=\"twitter:creator\" content=\"@GipuzkoaCOF\" \/>\n<meta name=\"twitter:site\" content=\"@GipuzkoaCOF\" \/>\n<meta name=\"twitter:label1\" content=\"Written by\" \/>\n\t<meta name=\"twitter:data1\" content=\"ARITZ RIVERO ASTIZ\" \/>\n<script type=\"application\/ld+json\" class=\"yoast-schema-graph\">{\"@context\":\"https:\/\/schema.org\",\"@graph\":[{\"@type\":\"Article\",\"@id\":\"https:\/\/www.cofgipuzkoa.eus\/eu\/alerta-complemento-alimenticio-yovis-kids\/#article\",\"isPartOf\":{\"@id\":\"https:\/\/www.cofgipuzkoa.eus\/eu\/alerta-complemento-alimenticio-yovis-kids\/\"},\"author\":{\"name\":\"ARITZ RIVERO ASTIZ\",\"@id\":\"https:\/\/www.cofgipuzkoa.eus\/#\/schema\/person\/6a93d28dd316a1a66e66d6a4bc2a6324\"},\"headline\":\"ALERTA: COMPLEMENTO ALIMENTICIO YOVIS KIDS\",\"datePublished\":\"2025-04-22T09:36:12+00:00\",\"dateModified\":\"2025-04-22T09:36:47+00:00\",\"mainEntityOfPage\":{\"@id\":\"https:\/\/www.cofgipuzkoa.eus\/eu\/alerta-complemento-alimenticio-yovis-kids\/\"},\"wordCount\":76,\"publisher\":{\"@id\":\"https:\/\/www.cofgipuzkoa.eus\/#organization\"},\"image\":{\"@id\":\"https:\/\/www.cofgipuzkoa.eus\/eu\/alerta-complemento-alimenticio-yovis-kids\/#primaryimage\"},\"thumbnailUrl\":\"https:\/\/www.cofgipuzkoa.eus\/wp-content\/uploads\/2025\/04\/yovis-kids-2.jpg\",\"articleSection\":[\"Alertak\"],\"inLanguage\":\"eu-ES\"},{\"@type\":\"WebPage\",\"@id\":\"https:\/\/www.cofgipuzkoa.eus\/eu\/alerta-complemento-alimenticio-yovis-kids\/\",\"url\":\"https:\/\/www.cofgipuzkoa.eus\/eu\/alerta-complemento-alimenticio-yovis-kids\/\",\"name\":\"ALERTA: COMPLEMENTO ALIMENTICIO YOVIS KIDS - Colegio Oficial de Farmac\u00e9uticos de Gipuzkoa - Gipuzkoako Farmazilarien Elkargo Ofiziala\",\"isPartOf\":{\"@id\":\"https:\/\/www.cofgipuzkoa.eus\/#website\"},\"primaryImageOfPage\":{\"@id\":\"https:\/\/www.cofgipuzkoa.eus\/eu\/alerta-complemento-alimenticio-yovis-kids\/#primaryimage\"},\"image\":{\"@id\":\"https:\/\/www.cofgipuzkoa.eus\/eu\/alerta-complemento-alimenticio-yovis-kids\/#primaryimage\"},\"thumbnailUrl\":\"https:\/\/www.cofgipuzkoa.eus\/wp-content\/uploads\/2025\/04\/yovis-kids-2.jpg\",\"datePublished\":\"2025-04-22T09:36:12+00:00\",\"dateModified\":\"2025-04-22T09:36:47+00:00\",\"breadcrumb\":{\"@id\":\"https:\/\/www.cofgipuzkoa.eus\/eu\/alerta-complemento-alimenticio-yovis-kids\/#breadcrumb\"},\"inLanguage\":\"eu-ES\",\"potentialAction\":[{\"@type\":\"ReadAction\",\"target\":[\"https:\/\/www.cofgipuzkoa.eus\/eu\/alerta-complemento-alimenticio-yovis-kids\/\"]}]},{\"@type\":\"ImageObject\",\"inLanguage\":\"eu-ES\",\"@id\":\"https:\/\/www.cofgipuzkoa.eus\/eu\/alerta-complemento-alimenticio-yovis-kids\/#primaryimage\",\"url\":\"https:\/\/www.cofgipuzkoa.eus\/wp-content\/uploads\/2025\/04\/yovis-kids-2.jpg\",\"contentUrl\":\"https:\/\/www.cofgipuzkoa.eus\/wp-content\/uploads\/2025\/04\/yovis-kids-2.jpg\",\"width\":620,\"height\":350},{\"@type\":\"BreadcrumbList\",\"@id\":\"https:\/\/www.cofgipuzkoa.eus\/eu\/alerta-complemento-alimenticio-yovis-kids\/#breadcrumb\",\"itemListElement\":[{\"@type\":\"ListItem\",\"position\":1,\"name\":\"Home\",\"item\":\"https:\/\/www.cofgipuzkoa.eus\/eu\/\"},{\"@type\":\"ListItem\",\"position\":2,\"name\":\"ALERTA: COMPLEMENTO ALIMENTICIO YOVIS KIDS\"}]},{\"@type\":\"WebSite\",\"@id\":\"https:\/\/www.cofgipuzkoa.eus\/#website\",\"url\":\"https:\/\/www.cofgipuzkoa.eus\/\",\"name\":\"Colegio Oficial de Farmac\u00e9uticos de Gipuzkoa - Gipuzkoako Farmazilarien Elkargo Ofiziala\",\"description\":\"Colegio Oficial de Farmac\u00e9uticos de Gipuzkoa - Gipuzkoako Farmazilarien Elkargo Ofiziala\",\"publisher\":{\"@id\":\"https:\/\/www.cofgipuzkoa.eus\/#organization\"},\"potentialAction\":[{\"@type\":\"SearchAction\",\"target\":{\"@type\":\"EntryPoint\",\"urlTemplate\":\"https:\/\/www.cofgipuzkoa.eus\/?s={search_term_string}\"},\"query-input\":\"required name=search_term_string\"}],\"inLanguage\":\"eu-ES\"},{\"@type\":\"Organization\",\"@id\":\"https:\/\/www.cofgipuzkoa.eus\/#organization\",\"name\":\"Colegio Oficial de Farmac\u00e9uticos de Gipuzkoa - Gipuzkoako Farmazilarien Elkargo Ofiziala\",\"url\":\"https:\/\/www.cofgipuzkoa.eus\/\",\"logo\":{\"@type\":\"ImageObject\",\"inLanguage\":\"eu-ES\",\"@id\":\"https:\/\/www.cofgipuzkoa.eus\/#\/schema\/logo\/image\/\",\"url\":\"https:\/\/www.cofgipuzkoa.eus\/wp-content\/uploads\/2023\/11\/cofg_logo.png\",\"contentUrl\":\"https:\/\/www.cofgipuzkoa.eus\/wp-content\/uploads\/2023\/11\/cofg_logo.png\",\"width\":112,\"height\":112,\"caption\":\"Colegio Oficial de Farmac\u00e9uticos de Gipuzkoa - Gipuzkoako Farmazilarien Elkargo Ofiziala\"},\"image\":{\"@id\":\"https:\/\/www.cofgipuzkoa.eus\/#\/schema\/logo\/image\/\"},\"sameAs\":[\"https:\/\/x.com\/GipuzkoaCOF\"]},{\"@type\":\"Person\",\"@id\":\"https:\/\/www.cofgipuzkoa.eus\/#\/schema\/person\/6a93d28dd316a1a66e66d6a4bc2a6324\",\"name\":\"ARITZ RIVERO ASTIZ\"}]}<\/script>\n<!-- \/ Yoast SEO plugin. -->","yoast_head_json":{"title":"ALERTA: COMPLEMENTO ALIMENTICIO YOVIS KIDS - Colegio Oficial de Farmac\u00e9uticos de Gipuzkoa - Gipuzkoako Farmazilarien Elkargo Ofiziala","robots":{"index":"index","follow":"follow","max-snippet":"max-snippet:-1","max-image-preview":"max-image-preview:large","max-video-preview":"max-video-preview:-1"},"canonical":"https:\/\/www.cofgipuzkoa.eus\/eu\/alerta-complemento-alimenticio-yovis-kids\/","og_locale":"eu_ES","og_type":"article","og_title":"ALERTA: COMPLEMENTO ALIMENTICIO YOVIS KIDS - Colegio Oficial de Farmac\u00e9uticos de Gipuzkoa - Gipuzkoako Farmazilarien Elkargo Ofiziala","og_description":"La Agencia Espa\u00f1ola de Seguridad Alimentaria y Nutrici\u00f3n ha tenido conocimiento a trav\u00e9s del Sistema Coordinado de Intercambio R\u00e1pido de Informaci\u00f3n (SCIRI) de una notificaci\u00f3n de alerta trasladada por las autoridades sanitarias de Catalu\u00f1a al complemento alimenticio Yovis Kids, que puede producir reacciones adversas de diversa gravedad (erupciones cut\u00e1neas y, en algunos casos, angiedema (inflamaci\u00f3n temporal de piel y mucosas)). Ver Alerta","og_url":"https:\/\/www.cofgipuzkoa.eus\/eu\/alerta-complemento-alimenticio-yovis-kids\/","og_site_name":"Colegio Oficial de Farmac\u00e9uticos de Gipuzkoa - Gipuzkoako Farmazilarien Elkargo Ofiziala","article_published_time":"2025-04-22T09:36:12+00:00","article_modified_time":"2025-04-22T09:36:47+00:00","og_image":[{"width":620,"height":350,"url":"https:\/\/www.cofgipuzkoa.eus\/wp-content\/uploads\/2025\/04\/yovis-kids-2.jpg","type":"image\/jpeg"}],"author":"ARITZ RIVERO ASTIZ","twitter_card":"summary_large_image","twitter_creator":"@GipuzkoaCOF","twitter_site":"@GipuzkoaCOF","twitter_misc":{"Written by":"ARITZ RIVERO ASTIZ"},"schema":{"@context":"https:\/\/schema.org","@graph":[{"@type":"Article","@id":"https:\/\/www.cofgipuzkoa.eus\/eu\/alerta-complemento-alimenticio-yovis-kids\/#article","isPartOf":{"@id":"https:\/\/www.cofgipuzkoa.eus\/eu\/alerta-complemento-alimenticio-yovis-kids\/"},"author":{"name":"ARITZ RIVERO ASTIZ","@id":"https:\/\/www.cofgipuzkoa.eus\/#\/schema\/person\/6a93d28dd316a1a66e66d6a4bc2a6324"},"headline":"ALERTA: COMPLEMENTO ALIMENTICIO YOVIS KIDS","datePublished":"2025-04-22T09:36:12+00:00","dateModified":"2025-04-22T09:36:47+00:00","mainEntityOfPage":{"@id":"https:\/\/www.cofgipuzkoa.eus\/eu\/alerta-complemento-alimenticio-yovis-kids\/"},"wordCount":76,"publisher":{"@id":"https:\/\/www.cofgipuzkoa.eus\/#organization"},"image":{"@id":"https:\/\/www.cofgipuzkoa.eus\/eu\/alerta-complemento-alimenticio-yovis-kids\/#primaryimage"},"thumbnailUrl":"https:\/\/www.cofgipuzkoa.eus\/wp-content\/uploads\/2025\/04\/yovis-kids-2.jpg","articleSection":["Alertak"],"inLanguage":"eu-ES"},{"@type":"WebPage","@id":"https:\/\/www.cofgipuzkoa.eus\/eu\/alerta-complemento-alimenticio-yovis-kids\/","url":"https:\/\/www.cofgipuzkoa.eus\/eu\/alerta-complemento-alimenticio-yovis-kids\/","name":"ALERTA: COMPLEMENTO ALIMENTICIO YOVIS KIDS - Colegio Oficial de Farmac\u00e9uticos de Gipuzkoa - Gipuzkoako Farmazilarien Elkargo Ofiziala","isPartOf":{"@id":"https:\/\/www.cofgipuzkoa.eus\/#website"},"primaryImageOfPage":{"@id":"https:\/\/www.cofgipuzkoa.eus\/eu\/alerta-complemento-alimenticio-yovis-kids\/#primaryimage"},"image":{"@id":"https:\/\/www.cofgipuzkoa.eus\/eu\/alerta-complemento-alimenticio-yovis-kids\/#primaryimage"},"thumbnailUrl":"https:\/\/www.cofgipuzkoa.eus\/wp-content\/uploads\/2025\/04\/yovis-kids-2.jpg","datePublished":"2025-04-22T09:36:12+00:00","dateModified":"2025-04-22T09:36:47+00:00","breadcrumb":{"@id":"https:\/\/www.cofgipuzkoa.eus\/eu\/alerta-complemento-alimenticio-yovis-kids\/#breadcrumb"},"inLanguage":"eu-ES","potentialAction":[{"@type":"ReadAction","target":["https:\/\/www.cofgipuzkoa.eus\/eu\/alerta-complemento-alimenticio-yovis-kids\/"]}]},{"@type":"ImageObject","inLanguage":"eu-ES","@id":"https:\/\/www.cofgipuzkoa.eus\/eu\/alerta-complemento-alimenticio-yovis-kids\/#primaryimage","url":"https:\/\/www.cofgipuzkoa.eus\/wp-content\/uploads\/2025\/04\/yovis-kids-2.jpg","contentUrl":"https:\/\/www.cofgipuzkoa.eus\/wp-content\/uploads\/2025\/04\/yovis-kids-2.jpg","width":620,"height":350},{"@type":"BreadcrumbList","@id":"https:\/\/www.cofgipuzkoa.eus\/eu\/alerta-complemento-alimenticio-yovis-kids\/#breadcrumb","itemListElement":[{"@type":"ListItem","position":1,"name":"Home","item":"https:\/\/www.cofgipuzkoa.eus\/eu\/"},{"@type":"ListItem","position":2,"name":"ALERTA: COMPLEMENTO ALIMENTICIO YOVIS KIDS"}]},{"@type":"WebSite","@id":"https:\/\/www.cofgipuzkoa.eus\/#website","url":"https:\/\/www.cofgipuzkoa.eus\/","name":"Colegio Oficial de Farmac\u00e9uticos de Gipuzkoa - Gipuzkoako Farmazilarien Elkargo Ofiziala","description":"Colegio Oficial de Farmac\u00e9uticos de Gipuzkoa - Gipuzkoako Farmazilarien Elkargo Ofiziala","publisher":{"@id":"https:\/\/www.cofgipuzkoa.eus\/#organization"},"potentialAction":[{"@type":"SearchAction","target":{"@type":"EntryPoint","urlTemplate":"https:\/\/www.cofgipuzkoa.eus\/?s={search_term_string}"},"query-input":"required name=search_term_string"}],"inLanguage":"eu-ES"},{"@type":"Organization","@id":"https:\/\/www.cofgipuzkoa.eus\/#organization","name":"Colegio Oficial de Farmac\u00e9uticos de Gipuzkoa - Gipuzkoako Farmazilarien Elkargo Ofiziala","url":"https:\/\/www.cofgipuzkoa.eus\/","logo":{"@type":"ImageObject","inLanguage":"eu-ES","@id":"https:\/\/www.cofgipuzkoa.eus\/#\/schema\/logo\/image\/","url":"https:\/\/www.cofgipuzkoa.eus\/wp-content\/uploads\/2023\/11\/cofg_logo.png","contentUrl":"https:\/\/www.cofgipuzkoa.eus\/wp-content\/uploads\/2023\/11\/cofg_logo.png","width":112,"height":112,"caption":"Colegio Oficial de Farmac\u00e9uticos de Gipuzkoa - Gipuzkoako Farmazilarien Elkargo Ofiziala"},"image":{"@id":"https:\/\/www.cofgipuzkoa.eus\/#\/schema\/logo\/image\/"},"sameAs":["https:\/\/x.com\/GipuzkoaCOF"]},{"@type":"Person","@id":"https:\/\/www.cofgipuzkoa.eus\/#\/schema\/person\/6a93d28dd316a1a66e66d6a4bc2a6324","name":"ARITZ RIVERO ASTIZ"}]}},"publishpress_future_action":{"enabled":true,"date":"2030-04-22 11:36:00","action":"change-status","newStatus":"draft","terms":[0],"taxonomy":"category"},"_links":{"self":[{"href":"https:\/\/www.cofgipuzkoa.eus\/eu\/wp-json\/wp\/v2\/posts\/24459"}],"collection":[{"href":"https:\/\/www.cofgipuzkoa.eus\/eu\/wp-json\/wp\/v2\/posts"}],"about":[{"href":"https:\/\/www.cofgipuzkoa.eus\/eu\/wp-json\/wp\/v2\/types\/post"}],"author":[{"embeddable":true,"href":"https:\/\/www.cofgipuzkoa.eus\/eu\/wp-json\/wp\/v2\/users\/1105"}],"replies":[{"embeddable":true,"href":"https:\/\/www.cofgipuzkoa.eus\/eu\/wp-json\/wp\/v2\/comments?post=24459"}],"version-history":[{"count":1,"href":"https:\/\/www.cofgipuzkoa.eus\/eu\/wp-json\/wp\/v2\/posts\/24459\/revisions"}],"predecessor-version":[{"id":24460,"href":"https:\/\/www.cofgipuzkoa.eus\/eu\/wp-json\/wp\/v2\/posts\/24459\/revisions\/24460"}],"wp:featuredmedia":[{"embeddable":true,"href":"https:\/\/www.cofgipuzkoa.eus\/eu\/wp-json\/wp\/v2\/media\/24456"}],"wp:attachment":[{"href":"https:\/\/www.cofgipuzkoa.eus\/eu\/wp-json\/wp\/v2\/media?parent=24459"}],"wp:term":[{"taxonomy":"category","embeddable":true,"href":"https:\/\/www.cofgipuzkoa.eus\/eu\/wp-json\/wp\/v2\/categories?post=24459"},{"taxonomy":"post_tag","embeddable":true,"href":"https:\/\/www.cofgipuzkoa.eus\/eu\/wp-json\/wp\/v2\/tags?post=24459"}],"curies":[{"name":"wp","href":"https:\/\/api.w.org\/{rel}","templated":true}]}}